{"id":57324,"date":"2019-01-22T23:37:11","date_gmt":"2019-01-22T22:37:11","guid":{"rendered":"http:\/\/lesmeufin.com\/?p=57324"},"modified":"2020-11-11T00:05:31","modified_gmt":"2020-11-10T23:05:31","slug":"artistes-accompagnees","status":"publish","type":"post","link":"https:\/\/lesmeufin.com\/index.php\/2019\/01\/22\/artistes-accompagnees\/","title":{"rendered":"ARTISTES ACCOMPAGNEES"},"content":{"rendered":"<h1 style=\"text-align: center;\"><span class=\"font-619362\" style=\"color: #4a3a4a;\">LES MEUF&rsquo;IN <\/span><\/h1>\n<h1 style=\"text-align: center;\"><span class=\"font-619362\" style=\"color: #4a3a4a;\">ARTISTES ACCOMPAGNEES PAR AMPLI<\/span><\/h1>\n<h1 style=\"text-align: center;\"><span class=\"font-281409\" style=\"color: #4a3a4a;\">D\u00e9but d&rsquo;une belle aventure gr\u00e2ce \u00e0 l&rsquo;\u00e9quipe d&rsquo;Ampli Bill\u00e8re &#8230;<\/span><a class=\"http\/\/www.ampli.asso.fr\/les-meufin\/\" style=\"color: #333333;\" href=\"http:\/\/www.ampli.asso.fr\/les-meufin\/\" target=\"_blank\" rel=\"attachment noopener wp-att-57325\"><img loading=\"lazy\" decoding=\"async\" class=\"aligncenter wp-image-57325 size-medium\" src=\"http:\/\/lesmeufin.com\/wp-content\/uploads\/2019\/01\/logo-AMPLI-236x300.png\" alt=\"\" width=\"236\" height=\"300\" srcset=\"https:\/\/lesmeufin.com\/wp-content\/uploads\/2019\/01\/logo-AMPLI-236x300.png 236w, https:\/\/lesmeufin.com\/wp-content\/uploads\/2019\/01\/logo-AMPLI.png 551w\" sizes=\"(max-width: 236px) 100vw, 236px\" \/><\/a><\/h1>\n<p style=\"text-align: center;\"><span style=\"color: #333333;\"><span style=\"color: #0000ff;\"><a href=\"http:\/\/www.ampli.asso.fr\/les-meufin\/\" target=\"_blank\" rel=\"noopener\"><span style=\"color: #ff00ff;\">Les Meuf&rsquo;in &#8211; Artistes accompagn\u00e9es<\/span><\/a><\/span><\/span><\/p>\n<p style=\"text-align: center;\"><span style=\"color: #333333;\">Un beau partenariat en perspective et de beaux projets musicaux :<\/span><\/p>\n<ul style=\"text-align: center;\">\n<li><span style=\"color: #333333;\">Une r\u00e9sidence pour travailler notre spectacle<\/span><\/li>\n<li><span style=\"color: #333333;\">Des cr\u00e9ations de chansons<\/span><\/li>\n<li><span style=\"color: #333333;\">L&rsquo;enregistrement d&rsquo;un nouvel album, le 3\u00b0!!!<\/span><\/li>\n<li><span style=\"color: #333333;\">Une release party pour finaliser le tout<\/span><\/li>\n<li><span style=\"color: #333333;\">Un 2\u00b0clip avec <a href=\"http:\/\/www.cumamovi.fr\/\" target=\"_blank\" rel=\"noopener\"><span style=\"color: #3366ff;\">CUMAMOVI<\/span><\/a><\/span><\/li>\n<\/ul>\n<p style=\"text-align: center;\"><span style=\"color: #333333;\">Merci pour cet \u00e9norme coup de pouce!<\/span><\/p>\n","protected":false},"excerpt":{"rendered":"<p>LES MEUF&rsquo;IN ARTISTES ACCOMPAGNEES PAR AMPLI D\u00e9but d&rsquo;une belle aventure gr\u00e2ce \u00e0 l&rsquo;\u00e9quipe d&rsquo;Ampli Bill\u00e8re &#8230; Les Meuf&rsquo;in &#8211; Artistes [&hellip;]<\/p>\n","protected":false},"author":1,"featured_media":57325,"comment_status":"open","ping_status":"open","sticky":true,"template":"","format":"image","meta":{"footnotes":""},"categories":[76],"tags":[],"_links":{"self":[{"href":"https:\/\/lesmeufin.com\/index.php\/wp-json\/wp\/v2\/posts\/57324"}],"collection":[{"href":"https:\/\/lesmeufin.com\/index.php\/wp-json\/wp\/v2\/posts"}],"about":[{"href":"https:\/\/lesmeufin.com\/index.php\/wp-json\/wp\/v2\/types\/post"}],"author":[{"embeddable":true,"href":"https:\/\/lesmeufin.com\/index.php\/wp-json\/wp\/v2\/users\/1"}],"replies":[{"embeddable":true,"href":"https:\/\/lesmeufin.com\/index.php\/wp-json\/wp\/v2\/comments?post=57324"}],"version-history":[{"count":21,"href":"https:\/\/lesmeufin.com\/index.php\/wp-json\/wp\/v2\/posts\/57324\/revisions"}],"predecessor-version":[{"id":59063,"href":"https:\/\/lesmeufin.com\/index.php\/wp-json\/wp\/v2\/posts\/57324\/revisions\/59063"}],"wp:featuredmedia":[{"embeddable":true,"href":"https:\/\/lesmeufin.com\/index.php\/wp-json\/wp\/v2\/media\/57325"}],"wp:attachment":[{"href":"https:\/\/lesmeufin.com\/index.php\/wp-json\/wp\/v2\/media?parent=57324"}],"wp:term":[{"taxonomy":"category","embeddable":true,"href":"https:\/\/lesmeufin.com\/index.php\/wp-json\/wp\/v2\/categories?post=57324"},{"taxonomy":"post_tag","embeddable":true,"href":"https:\/\/lesmeufin.com\/index.php\/wp-json\/wp\/v2\/tags?post=57324"}],"curies":[{"name":"wp","href":"https:\/\/api.w.org\/{rel}","templated":true}]}}