{"id":58239,"date":"2019-05-01T12:38:31","date_gmt":"2019-05-01T10:38:31","guid":{"rendered":"http:\/\/lesmeufin.com\/?p=58239"},"modified":"2020-11-11T00:04:58","modified_gmt":"2020-11-10T23:04:58","slug":"coup-de-pouce-du-journal-sud-ouest","status":"publish","type":"post","link":"https:\/\/lesmeufin.com\/index.php\/2019\/05\/01\/coup-de-pouce-du-journal-sud-ouest\/","title":{"rendered":"LES MEUF&rsquo;IN EN STUDIO"},"content":{"rendered":"\n<p class=\"has-large-font-size\">Coup de pouce du journal SUD OUEST<\/p>\n\n\n\n<p class=\"has-background has-drop-cap has-medium-font-size has-very-light-gray-background-color\">Notre rencontre avec @David Le Deodic, photographe du journal Le Sud Ouest dans les studios d&rsquo;Ampli. Il \u00e9tait en compagnie d&rsquo;Olivier Bonnefon, journaliste.  Merci \u00e0 eux pour cette belle session qui a donn\u00e9 lieu \u00e0 une pleine page dans le Sud Ouest et une vid\u00e9o \u00e0 d\u00e9couvrir ici! <\/p>\n\n\n\n<div class=\"wp-block-media-text alignwide\" style=\"grid-template-columns:100% auto\"><figure class=\"wp-block-media-text__media\"><img loading=\"lazy\" decoding=\"async\" width=\"776\" height=\"1024\" src=\"http:\/\/lesmeufin.com\/wp-content\/uploads\/2019\/05\/article-sud-ouest-avril-2019-776x1024.png\" alt=\"\" class=\"wp-image-58250\" srcset=\"https:\/\/lesmeufin.com\/wp-content\/uploads\/2019\/05\/article-sud-ouest-avril-2019-776x1024.png 776w, https:\/\/lesmeufin.com\/wp-content\/uploads\/2019\/05\/article-sud-ouest-avril-2019-227x300.png 227w, https:\/\/lesmeufin.com\/wp-content\/uploads\/2019\/05\/article-sud-ouest-avril-2019-768x1013.png 768w\" sizes=\"(max-width: 776px) 100vw, 776px\" \/><\/figure><div class=\"wp-block-media-text__content\">\n<p class=\"has-large-font-size\"><\/p>\n<\/div><\/div>\n\n\n\n<p><br><\/p>\n\n\n\n<figure class=\"wp-block-embed-youtube wp-block-embed is-type-video is-provider-youtube wp-embed-aspect-16-9 wp-has-aspect-ratio\"><div class=\"wp-block-embed__wrapper\">\n<iframe loading=\"lazy\" width=\"840\" height=\"473\" src=\"https:\/\/www.youtube.com\/embed\/qQM58f2OUlg?feature=oembed&#038;width=840&#038;height=1000&#038;discover=1\" frameborder=\"0\" allow=\"accelerometer; autoplay; encrypted-media; gyroscope; picture-in-picture\" allowfullscreen><\/iframe>\n<\/div><\/figure>\n\n\n\n<p>\nQuatre jeunes femmes p\u00e9tillantes originaires du B\u00e9arn, du Pays basque et\n des Landes qui ont l&rsquo;habitude de chanter \u00e0 quatre voix depuis quinze \nans au sein du groupe Les Meuf&rsquo;in, pr\u00e9parent la sortie de leur troisi\u00e8me\n album. Rencontre dans les studios d&rsquo;Ampli \u00e0 Bill\u00e8re,  qui accompagne ce\n groupe irr\u00e9sistible, \u00e0 la d\u00e9couverte d&rsquo;un style musical l\u00e9ger, \nhumoristique avec des textes en fran\u00e7ais souvent d\u00e9capants.\n\n<\/p>\n\n\n\n<figure class=\"wp-block-image\"><img decoding=\"async\" src=\"https:\/\/www.sudouest.fr\/2019\/04\/25\/les-meuf-in-des-filles-qui-chantent-et-qui-decoiffent-6016674-4043.php\" alt=\"\"\/><\/figure>\n\n\n\n<p><\/p>\n","protected":false},"excerpt":{"rendered":"<p>Coup de pouce du journal SUD OUEST Notre rencontre avec @David Le Deodic, photographe du journal Le Sud Ouest dans [&hellip;]<\/p>\n","protected":false},"author":1,"featured_media":58265,"comment_status":"closed","ping_status":"closed","sticky":true,"template":"","format":"image","meta":{"footnotes":""},"categories":[76],"tags":[],"_links":{"self":[{"href":"https:\/\/lesmeufin.com\/index.php\/wp-json\/wp\/v2\/posts\/58239"}],"collection":[{"href":"https:\/\/lesmeufin.com\/index.php\/wp-json\/wp\/v2\/posts"}],"about":[{"href":"https:\/\/lesmeufin.com\/index.php\/wp-json\/wp\/v2\/types\/post"}],"author":[{"embeddable":true,"href":"https:\/\/lesmeufin.com\/index.php\/wp-json\/wp\/v2\/users\/1"}],"replies":[{"embeddable":true,"href":"https:\/\/lesmeufin.com\/index.php\/wp-json\/wp\/v2\/comments?post=58239"}],"version-history":[{"count":11,"href":"https:\/\/lesmeufin.com\/index.php\/wp-json\/wp\/v2\/posts\/58239\/revisions"}],"predecessor-version":[{"id":59062,"href":"https:\/\/lesmeufin.com\/index.php\/wp-json\/wp\/v2\/posts\/58239\/revisions\/59062"}],"wp:featuredmedia":[{"embeddable":true,"href":"https:\/\/lesmeufin.com\/index.php\/wp-json\/wp\/v2\/media\/58265"}],"wp:attachment":[{"href":"https:\/\/lesmeufin.com\/index.php\/wp-json\/wp\/v2\/media?parent=58239"}],"wp:term":[{"taxonomy":"category","embeddable":true,"href":"https:\/\/lesmeufin.com\/index.php\/wp-json\/wp\/v2\/categories?post=58239"},{"taxonomy":"post_tag","embeddable":true,"href":"https:\/\/lesmeufin.com\/index.php\/wp-json\/wp\/v2\/tags?post=58239"}],"curies":[{"name":"wp","href":"https:\/\/api.w.org\/{rel}","templated":true}]}}