{"id":59051,"date":"2020-11-10T23:50:36","date_gmt":"2020-11-10T22:50:36","guid":{"rendered":"http:\/\/lesmeufin.com\/?p=59051"},"modified":"2020-11-10T23:59:02","modified_gmt":"2020-11-10T22:59:02","slug":"captation-video-en-direct","status":"publish","type":"post","link":"https:\/\/lesmeufin.com\/index.php\/2020\/11\/10\/captation-video-en-direct\/","title":{"rendered":"CAPTATION VIDEO EN DIRECT @OARA"},"content":{"rendered":"\n<h1 class=\"wp-block-heading\" style=\"text-align:center\">  \u00c7a tourne \u00e0 la M\u00c9CAsc\u00e8ne\u2026 <\/h1>\n\n\n\n<p>Une des 11 mesures prises par l\u2019OARA pour att\u00e9nuer l\u2019impact de la crise sanitaire et les nombreuses annulations engendr\u00e9es, est l\u2019organisation de r\u00e9sidences de captation vid\u00e9o \u00e0 la M\u00c9CA afin de remettre en visibilit\u00e9 des spectacles peu ou pas vus en raison du contexte. <\/p>\n\n\n\n<h3 class=\"wp-block-heading\" style=\"text-align:center\">LES MEUF&rsquo;IN ont pu b\u00e9n\u00e9ficier de ce dispositif <\/h3>\n\n\n\n<p>Soutenue par la SACEM, cette initiative s&rsquo;est concr\u00e9tis\u00e9e d\u00e8s ce mois  d&rsquo;octobre avec l&rsquo;accueil de 5 formations musicales qui devaient  initialement se produire en Mai 2020 \u00e0 Luxey dans le cadre de la journ\u00e9e  SUR UN PLATEAU. Les groupes  se sont partag\u00e9 ainsi la M\u00c9CAsc\u00e8ne \u00e0 Bordeaux pour l&rsquo;enregistrement  d&rsquo;une vid\u00e9o collective lors d&rsquo;une soir\u00e9e ouverte au public le jeudi 29  octobre \u00e0 18h, retransmise en direct sur la page Facebook de l&rsquo;OARA. En  partenariat avec <a href=\"https:\/\/www.facebook.com\/musicalarue\/?__cft__[0]=AZX_Aih4CB-bEIUMY5-9Nc_WafD557oPp69a4R_aZf1jYL8NqX3ZtNTwnJNmGEZiV8XhvAvcmdySJYC2qfD9sOTaH4WYsrt056FTgQPeNBkzf1Wa4NMhaXxposhSdcfTBpQ2yjkm93E7NE4ddkkjY__xOggXcDxcl6wL63sxx2_Gbw&amp;__tn__=kK-R\">Musicalarue<\/a>, <a href=\"https:\/\/www.facebook.com\/lescigalesluxey\/?__cft__[0]=AZX_Aih4CB-bEIUMY5-9Nc_WafD557oPp69a4R_aZf1jYL8NqX3ZtNTwnJNmGEZiV8XhvAvcmdySJYC2qfD9sOTaH4WYsrt056FTgQPeNBkzf1Wa4NMhaXxposhSdcfTBpQ2yjkm93E7NE4ddkkjY__xOggXcDxcl6wL63sxx2_Gbw&amp;__tn__=kK-R\">Les Cigales<\/a>, et Le Collectif des Op\u00e9rateurs Culturels Ruraux de Nouvelle-Aquitaine <\/p>\n\n\n\n<p> Une initiative organis\u00e9e en partenariat avec <a href=\"https:\/\/www.facebook.com\/musicalarue\/?__cft__[0]=AZWkoe_axvXeU9GfBwGpwuMAwWyzIuKkHqUI0TLcPLNdo2O6HjrfEpKyouAD4vXkUCuabCcldGKHI1aEGEVn18SMqPnfh42uejN0u6kOg3HLbYkgXnHT_P6-0L57xfoYkBqKCXIR7wSOJXgqHgMNhlsw&amp;__tn__=kK-R\">Musicalarue<\/a>, Le Collectif des Op\u00e9rateurs Culturels Ruraux de Nouvelle-Aquitaine, <a href=\"https:\/\/www.facebook.com\/lescigalesluxey\/?__cft__[0]=AZWkoe_axvXeU9GfBwGpwuMAwWyzIuKkHqUI0TLcPLNdo2O6HjrfEpKyouAD4vXkUCuabCcldGKHI1aEGEVn18SMqPnfh42uejN0u6kOg3HLbYkgXnHT_P6-0L57xfoYkBqKCXIR7wSOJXgqHgMNhlsw&amp;__tn__=kK-R\">Les Cigales<\/a>, et soutenue par la <a href=\"https:\/\/www.facebook.com\/LaSacem\/?__cft__[0]=AZWkoe_axvXeU9GfBwGpwuMAwWyzIuKkHqUI0TLcPLNdo2O6HjrfEpKyouAD4vXkUCuabCcldGKHI1aEGEVn18SMqPnfh42uejN0u6kOg3HLbYkgXnHT_P6-0L57xfoYkBqKCXIR7wSOJXgqHgMNhlsw&amp;__tn__=kK-R\">Sacem<\/a>.<\/p>\n\n\n\n<p>Captations r\u00e9alis\u00e9es par <a href=\"https:\/\/www.facebook.com\/page.Grenouilles.Productions\/?__cft__[0]=AZWkoe_axvXeU9GfBwGpwuMAwWyzIuKkHqUI0TLcPLNdo2O6HjrfEpKyouAD4vXkUCuabCcldGKHI1aEGEVn18SMqPnfh42uejN0u6kOg3HLbYkgXnHT_P6-0L57xfoYkBqKCXIR7wSOJXgqHgMNhlsw&amp;__tn__=kK-R\">Grenouilles Productions &#8211; Production Cin\u00e9ma et Audiovisuelle<\/a>   <\/p>\n\n\n\n<p>Cr\u00e9dits photo : Antoine Ollier<\/p>\n\n\n\n<figure class=\"wp-block-embed-youtube wp-block-embed is-type-video is-provider-youtube wp-embed-aspect-16-9 wp-has-aspect-ratio\"><div class=\"wp-block-embed__wrapper\">\n<iframe loading=\"lazy\" width=\"840\" height=\"473\" src=\"https:\/\/www.youtube.com\/embed\/7azcoiKP8Mw?start=1597&#038;feature=oembed\" frameborder=\"0\" allow=\"accelerometer; autoplay; clipboard-write; encrypted-media; gyroscope; picture-in-picture\" allowfullscreen><\/iframe>\n<\/div><figcaption><strong>Les Meuf&rsquo;in &#8211; concert live de 10 minutes sur la M\u00e9casc\u00e8ne \u00e0 Bordeaux <\/strong><br>Avec VIRUS Prod, Franck &amp; Damien, Les Meuf&rsquo;in, Onde et VALJEAN<\/figcaption><\/figure>\n","protected":false},"excerpt":{"rendered":"<p>\u00c7a tourne \u00e0 la M\u00c9CAsc\u00e8ne\u2026 Une des 11 mesures prises par l\u2019OARA pour att\u00e9nuer l\u2019impact de la crise sanitaire et [&hellip;]<\/p>\n","protected":false},"author":1,"featured_media":59052,"comment_status":"closed","ping_status":"closed","sticky":true,"template":"","format":"image","meta":{"footnotes":""},"categories":[1,76],"tags":[],"_links":{"self":[{"href":"https:\/\/lesmeufin.com\/index.php\/wp-json\/wp\/v2\/posts\/59051"}],"collection":[{"href":"https:\/\/lesmeufin.com\/index.php\/wp-json\/wp\/v2\/posts"}],"about":[{"href":"https:\/\/lesmeufin.com\/index.php\/wp-json\/wp\/v2\/types\/post"}],"author":[{"embeddable":true,"href":"https:\/\/lesmeufin.com\/index.php\/wp-json\/wp\/v2\/users\/1"}],"replies":[{"embeddable":true,"href":"https:\/\/lesmeufin.com\/index.php\/wp-json\/wp\/v2\/comments?post=59051"}],"version-history":[{"count":4,"href":"https:\/\/lesmeufin.com\/index.php\/wp-json\/wp\/v2\/posts\/59051\/revisions"}],"predecessor-version":[{"id":59056,"href":"https:\/\/lesmeufin.com\/index.php\/wp-json\/wp\/v2\/posts\/59051\/revisions\/59056"}],"wp:featuredmedia":[{"embeddable":true,"href":"https:\/\/lesmeufin.com\/index.php\/wp-json\/wp\/v2\/media\/59052"}],"wp:attachment":[{"href":"https:\/\/lesmeufin.com\/index.php\/wp-json\/wp\/v2\/media?parent=59051"}],"wp:term":[{"taxonomy":"category","embeddable":true,"href":"https:\/\/lesmeufin.com\/index.php\/wp-json\/wp\/v2\/categories?post=59051"},{"taxonomy":"post_tag","embeddable":true,"href":"https:\/\/lesmeufin.com\/index.php\/wp-json\/wp\/v2\/tags?post=59051"}],"curies":[{"name":"wp","href":"https:\/\/api.w.org\/{rel}","templated":true}]}}