{"id":59068,"date":"2020-10-23T11:18:13","date_gmt":"2020-10-23T09:18:13","guid":{"rendered":"http:\/\/lesmeufin.com\/?p=59068"},"modified":"2020-12-15T14:37:22","modified_gmt":"2020-12-15T13:37:22","slug":"les-meufin-en-lice-pour-le-concours-les-talents-bearnais-de-lannee-2020","status":"publish","type":"post","link":"https:\/\/lesmeufin.com\/index.php\/2020\/10\/23\/les-meufin-en-lice-pour-le-concours-les-talents-bearnais-de-lannee-2020\/","title":{"rendered":"LES MEUF&rsquo;IN en lice pour le concours \u00ab\u00a0LES TALENTS B\u00c9ARNAIS DE L\u2019ANN\u00c9E 2020\u00a0\u00bb"},"content":{"rendered":"\n<h2 class=\"wp-block-heading\">Les Meuf&rsquo;in au Z\u00e9nith de Pau? On y croit! <\/h2>\n\n\n\n<p style=\"text-align:right\">Concours organis\u00e9 par La <strong>R\u00e9publique des Pyr\u00e9n\u00e9es<\/strong> et <strong>CREA-SUD Communication<\/strong><\/p>\n\n\n\n<p>Votez pour d\u00e9signer deux des quatre \ngroupes ou artistes qui se produiront lors de la grande soir\u00e9e des \nB\u00e9arnais de l\u2019ann\u00e9e 2020&nbsp;le 11&nbsp;d\u00e9cembre au Z\u00e9nith de Pau\u202f!<\/p>\n\n\n\n<p>\u00ab\u00a0Les Meuf&rsquo;in\u00a0\u00bb est en lice pour le concours de Talents B\u00e9arnais de l&rsquo;ann\u00e9e 2020. Vous avez d\u00e9sormais pour mission de<strong>&nbsp;d\u00e9signer deux des quatre finalistes&nbsp;<\/strong>en votant avant le 26&nbsp;octobre \u00e0 midi.  Les deux derniers finalistes seront choisis par le jury de la  r\u00e9daction.<\/p>\n\n\n\n<p><strong>Les quatre finalistes se produiront lors de la grande soir\u00e9e des B\u00e9arnais de l\u2019ann\u00e9e le vendredi 11&nbsp;d\u00e9cembre au Z\u00e9nith de Pau.&nbsp;<\/strong><\/p>\n\n\n\n<figure class=\"wp-block-embed-vimeo wp-block-embed is-type-video is-provider-vimeo wp-embed-aspect-16-9 wp-has-aspect-ratio\"><div class=\"wp-block-embed__wrapper\">\n<iframe loading=\"lazy\" src=\"https:\/\/player.vimeo.com\/video\/469072317?width=840&#038;height=1000&#038;discover=1?dnt=1&amp;app_id=122963\" width=\"840\" height=\"473\" frameborder=\"0\" allow=\"autoplay; fullscreen\" allowfullscreen title=\"LES MEUF&amp;#039;IN\"><\/iframe>\n<\/div><\/figure>\n\n\n\n<p style=\"text-align:center\"><a href=\"https:\/\/www.larepubliquedespyrenees.fr\/2020\/10\/16\/concours-de-talents-2020-a-vous-de-voter,2747475.php?fbclid=IwAR076t5g0RIrJ1ppocJxFJZsdA9dbpZxDZkMOkXplEsjExHO6mhDXBOZvfk\" target=\"_blank\" rel=\"noreferrer noopener\" aria-label=\" (s\u2019ouvre dans un nouvel onglet)\">L&rsquo;article est ici<\/a><\/p>\n","protected":false},"excerpt":{"rendered":"<p>Les Meuf&rsquo;in au Z\u00e9nith de Pau? On y croit! Concours organis\u00e9 par La R\u00e9publique des Pyr\u00e9n\u00e9es et CREA-SUD Communication Votez [&hellip;]<\/p>\n","protected":false},"author":1,"featured_media":59069,"comment_status":"closed","ping_status":"closed","sticky":true,"template":"","format":"image","meta":{"footnotes":""},"categories":[76],"tags":[],"_links":{"self":[{"href":"https:\/\/lesmeufin.com\/index.php\/wp-json\/wp\/v2\/posts\/59068"}],"collection":[{"href":"https:\/\/lesmeufin.com\/index.php\/wp-json\/wp\/v2\/posts"}],"about":[{"href":"https:\/\/lesmeufin.com\/index.php\/wp-json\/wp\/v2\/types\/post"}],"author":[{"embeddable":true,"href":"https:\/\/lesmeufin.com\/index.php\/wp-json\/wp\/v2\/users\/1"}],"replies":[{"embeddable":true,"href":"https:\/\/lesmeufin.com\/index.php\/wp-json\/wp\/v2\/comments?post=59068"}],"version-history":[{"count":6,"href":"https:\/\/lesmeufin.com\/index.php\/wp-json\/wp\/v2\/posts\/59068\/revisions"}],"predecessor-version":[{"id":59186,"href":"https:\/\/lesmeufin.com\/index.php\/wp-json\/wp\/v2\/posts\/59068\/revisions\/59186"}],"wp:featuredmedia":[{"embeddable":true,"href":"https:\/\/lesmeufin.com\/index.php\/wp-json\/wp\/v2\/media\/59069"}],"wp:attachment":[{"href":"https:\/\/lesmeufin.com\/index.php\/wp-json\/wp\/v2\/media?parent=59068"}],"wp:term":[{"taxonomy":"category","embeddable":true,"href":"https:\/\/lesmeufin.com\/index.php\/wp-json\/wp\/v2\/categories?post=59068"},{"taxonomy":"post_tag","embeddable":true,"href":"https:\/\/lesmeufin.com\/index.php\/wp-json\/wp\/v2\/tags?post=59068"}],"curies":[{"name":"wp","href":"https:\/\/api.w.org\/{rel}","templated":true}]}}